{"id":1100,"date":"2023-10-14T14:11:07","date_gmt":"2023-10-14T12:11:07","guid":{"rendered":"https:\/\/caeremonialeromanum.com\/?p=1100"},"modified":"2025-05-23T10:23:20","modified_gmt":"2025-05-23T08:23:20","slug":"the-rite-of-papal-coronation","status":"publish","type":"post","link":"https:\/\/caeremonialeromanum.com\/en\/2023\/10\/14\/the-rite-of-papal-coronation\/","title":{"rendered":"The Rite of Papal Coronation"},"content":{"rendered":"<pre class=\"wp-block-verse has-text-align-right has-small-font-size\">Die 14 octobris Anno Domini 2023\nSancti Callisti Pap\u00e6 et Martyris<\/pre>\n\n\n\n<p>The papal coronation is one of the most expressive acts of each new pontificate. This tradition continued uninterrupted for over one millennium [<strong>1<\/strong>]. It was always a momentous event not only for <em>the City and the world<\/em>, but above all for the Church [<strong>2<\/strong>]. Unlike secular ceremonies, especially post-Renaissance ones, the pope&#8217;s coronation rite has remained basically unchanged for centuries and at the same time simple in its essence [<strong>3<\/strong>].<\/p>\n\n\n\n<p>Although papal coronation was not explicitly abolished or banned, and contemporary popes received tiaras as gifts from the faithful (John Paul II, Benedict XVI and Francis), events and documents published by popes, starting from the pontificate of Paul VI, caused this ritual to fall into desuetude [<strong>4<\/strong>], even though some secular sovereigns are still crowned.<\/p>\n\n\n\n<figure class=\"wp-block-gallery has-nested-images columns-default is-cropped wp-block-gallery-1 is-layout-flex wp-block-gallery-is-layout-flex\">\n<figure class=\"wp-block-image size-large\"><img fetchpriority=\"high\" decoding=\"async\" width=\"800\" height=\"534\" data-id=\"1114\" src=\"https:\/\/caeremonialeromanum.com\/wp-content\/uploads\/2023\/10\/tiara_benedictxvi_3-1.jpg\" alt=\"\" class=\"wp-image-1114\" srcset=\"https:\/\/caeremonialeromanum.com\/wp-content\/uploads\/2023\/10\/tiara_benedictxvi_3-1.jpg 800w, https:\/\/caeremonialeromanum.com\/wp-content\/uploads\/2023\/10\/tiara_benedictxvi_3-1-300x200.jpg 300w, https:\/\/caeremonialeromanum.com\/wp-content\/uploads\/2023\/10\/tiara_benedictxvi_3-1-768x513.jpg 768w, https:\/\/caeremonialeromanum.com\/wp-content\/uploads\/2023\/10\/tiara_benedictxvi_3-1-18x12.jpg 18w\" sizes=\"(max-width: 800px) 100vw, 800px\" \/><figcaption class=\"wp-element-caption\">Benedict XVI received the tiara during an audience on May 25, 2011.<br>Source: liturgix.org<\/figcaption><\/figure>\n\n\n\n<figure class=\"wp-block-image size-large\"><img decoding=\"async\" width=\"480\" height=\"640\" data-id=\"1112\" src=\"https:\/\/caeremonialeromanum.com\/wp-content\/uploads\/2023\/10\/tiara_benedictxvi_1-1.jpg\" alt=\"\" class=\"wp-image-1112\" srcset=\"https:\/\/caeremonialeromanum.com\/wp-content\/uploads\/2023\/10\/tiara_benedictxvi_1-1.jpg 480w, https:\/\/caeremonialeromanum.com\/wp-content\/uploads\/2023\/10\/tiara_benedictxvi_1-1-225x300.jpg 225w, https:\/\/caeremonialeromanum.com\/wp-content\/uploads\/2023\/10\/tiara_benedictxvi_1-1-9x12.jpg 9w\" sizes=\"(max-width: 480px) 100vw, 480px\" \/><figcaption class=\"wp-element-caption\">Tiara of Pope Benedict XVI.<br>Source: liturgix.org<\/figcaption><\/figure>\n\n\n\n<figure class=\"wp-block-image size-large\"><img decoding=\"async\" width=\"443\" height=\"640\" data-id=\"1113\" src=\"https:\/\/caeremonialeromanum.com\/wp-content\/uploads\/2023\/10\/tiara_benedictxvi_2-1.jpg\" alt=\"\" class=\"wp-image-1113\" srcset=\"https:\/\/caeremonialeromanum.com\/wp-content\/uploads\/2023\/10\/tiara_benedictxvi_2-1.jpg 443w, https:\/\/caeremonialeromanum.com\/wp-content\/uploads\/2023\/10\/tiara_benedictxvi_2-1-208x300.jpg 208w, https:\/\/caeremonialeromanum.com\/wp-content\/uploads\/2023\/10\/tiara_benedictxvi_2-1-8x12.jpg 8w\" sizes=\"(max-width: 443px) 100vw, 443px\" \/><figcaption class=\"wp-element-caption\">Tiara of Pope Benedict XVI.<br>Source: liturgix.org<\/figcaption><\/figure>\n<\/figure>\n\n\n\n<p>Here we present a possibly detailed, but also adapted to the popularization nature of this publication, description of the pope&#8217;s coronation rites [<strong>5<\/strong>] \u2013 in their mature and established form \u2013 based on documents of the Holy See [<strong>6<\/strong>] and available audiovisual materials [<strong>7<\/strong>].<\/p>\n\n\n\n<p>It should be noted that the first such ceremony to be broadcast on radio was the coronation of Pope Pius XII, while the first to be broadcast entirely on television was the coronation of Pope John XXIII. The coronation of Pope Paul VI differed from the previous ones in some aspects \u2013 mainly that the entire ceremony took place in St. Peter&#8217;s Square for the first time (the coronation itself, along with the solemn <em>Urbi et Orbi<\/em> blessing, also took place in the square in front of the basilica) [<strong>8<\/strong>].<\/p>\n\n\n\n<p>The pope&#8217;s coronation rites can be divided into the following stages: passage to the place of coronation (<span style=\"text-decoration: underline;\">I<\/span>) and introductory prayers (<span style=\"text-decoration: underline;\">II<\/span>), coronation with a tiara by the cardinal protodeacon (<span style=\"text-decoration: underline;\">III<\/span>), <em>Urbi et Orbi<\/em> blessing (<span style=\"text-decoration: underline;\">IV<\/span>) with the announcement of plenary indulgence (<span style=\"text-decoration: underline;\">V<\/span>) and the return of the pope and his personal assistance to the Apostolic Palace (<span style=\"text-decoration: underline;\">VI<\/span>).<\/p>\n\n\n\n<figure class=\"wp-block-gallery has-nested-images columns-default is-cropped wp-block-gallery-2 is-layout-flex wp-block-gallery-is-layout-flex\">\n<figure class=\"wp-block-image size-large\"><img loading=\"lazy\" decoding=\"async\" width=\"1024\" height=\"644\" data-id=\"1115\" src=\"https:\/\/caeremonialeromanum.com\/wp-content\/uploads\/2023\/10\/ordo_1-1-1024x644.png\" alt=\"\" class=\"wp-image-1115\" srcset=\"https:\/\/caeremonialeromanum.com\/wp-content\/uploads\/2023\/10\/ordo_1-1-1024x644.png 1024w, https:\/\/caeremonialeromanum.com\/wp-content\/uploads\/2023\/10\/ordo_1-1-300x189.png 300w, https:\/\/caeremonialeromanum.com\/wp-content\/uploads\/2023\/10\/ordo_1-1-768x483.png 768w, https:\/\/caeremonialeromanum.com\/wp-content\/uploads\/2023\/10\/ordo_1-1-1536x965.png 1536w, https:\/\/caeremonialeromanum.com\/wp-content\/uploads\/2023\/10\/ordo_1-1-2048x1287.png 2048w, https:\/\/caeremonialeromanum.com\/wp-content\/uploads\/2023\/10\/ordo_1-1-18x12.png 18w\" sizes=\"(max-width: 1024px) 100vw, 1024px\" \/><figcaption class=\"wp-element-caption\">Coronation rites from a booklet prepared by the Holy See for diplomats taking part in the solemn coronation of Pope Paul VI.<br>Source: CR collection.<\/figcaption><\/figure>\n\n\n\n<figure class=\"wp-block-image size-large\"><img loading=\"lazy\" decoding=\"async\" width=\"1024\" height=\"643\" data-id=\"1117\" src=\"https:\/\/caeremonialeromanum.com\/wp-content\/uploads\/2023\/10\/ordo_2-1-1024x643.png\" alt=\"\" class=\"wp-image-1117\" srcset=\"https:\/\/caeremonialeromanum.com\/wp-content\/uploads\/2023\/10\/ordo_2-1-1024x643.png 1024w, https:\/\/caeremonialeromanum.com\/wp-content\/uploads\/2023\/10\/ordo_2-1-300x188.png 300w, https:\/\/caeremonialeromanum.com\/wp-content\/uploads\/2023\/10\/ordo_2-1-768x482.png 768w, https:\/\/caeremonialeromanum.com\/wp-content\/uploads\/2023\/10\/ordo_2-1-1536x964.png 1536w, https:\/\/caeremonialeromanum.com\/wp-content\/uploads\/2023\/10\/ordo_2-1-2048x1285.png 2048w, https:\/\/caeremonialeromanum.com\/wp-content\/uploads\/2023\/10\/ordo_2-1-18x12.png 18w\" sizes=\"(max-width: 1024px) 100vw, 1024px\" \/><figcaption class=\"wp-element-caption\">Coronation rites from a booklet prepared by the Holy See for diplomats taking part in the solemn coronation of Pope Paul VI.<br>Source: CR collection.<\/figcaption><\/figure>\n\n\n\n<figure class=\"wp-block-image size-large\"><img loading=\"lazy\" decoding=\"async\" width=\"1024\" height=\"916\" data-id=\"1116\" src=\"https:\/\/caeremonialeromanum.com\/wp-content\/uploads\/2023\/10\/ordo_3-1-1024x916.png\" alt=\"\" class=\"wp-image-1116\" srcset=\"https:\/\/caeremonialeromanum.com\/wp-content\/uploads\/2023\/10\/ordo_3-1-1024x916.png 1024w, https:\/\/caeremonialeromanum.com\/wp-content\/uploads\/2023\/10\/ordo_3-1-300x268.png 300w, https:\/\/caeremonialeromanum.com\/wp-content\/uploads\/2023\/10\/ordo_3-1-768x687.png 768w, https:\/\/caeremonialeromanum.com\/wp-content\/uploads\/2023\/10\/ordo_3-1-1536x1374.png 1536w, https:\/\/caeremonialeromanum.com\/wp-content\/uploads\/2023\/10\/ordo_3-1-2048x1832.png 2048w, https:\/\/caeremonialeromanum.com\/wp-content\/uploads\/2023\/10\/ordo_3-1-13x12.png 13w\" sizes=\"(max-width: 1024px) 100vw, 1024px\" \/><figcaption class=\"wp-element-caption\">Coronation rites from a booklet prepared by the Holy See for diplomats taking part in the solemn coronation of Pope Paul VI.<br>Source: CR collection.<\/figcaption><\/figure>\n<\/figure>\n\n\n\n<p class=\"has-medium-font-size\"><strong>I. END OF MASS AND PASSAGE TO THE CORONATION PLACE<\/strong><\/p>\n\n\n\n<p>After the end of the Mass and the customary presentation to the pope of an honorarium from the canons of the Vatican Basilica &#8222;for a well-sung Mass&#8221; (<em>pro Missa bene cantata<\/em>), the Holy Father, wearing his Mass vestments \u2013 including pontifical gloves, but without the maniple, which was left on the altar \u2013 assisted by ceremonialists, headed toward the gestatorial chair (<em>sedia gestatoria<\/em>) to go to the place of coronation. By this time, a papal cortege was already forming in the same order as for the beginning of the ceremony.<\/p>\n\n\n\n<figure class=\"wp-block-gallery has-nested-images columns-default is-cropped wp-block-gallery-3 is-layout-flex wp-block-gallery-is-layout-flex\">\n<figure class=\"wp-block-image size-large\"><img loading=\"lazy\" decoding=\"async\" width=\"650\" height=\"1024\" data-id=\"1118\" src=\"https:\/\/caeremonialeromanum.com\/wp-content\/uploads\/2023\/10\/corte_pontificio_schema-1-650x1024.png\" alt=\"\" class=\"wp-image-1118\" srcset=\"https:\/\/caeremonialeromanum.com\/wp-content\/uploads\/2023\/10\/corte_pontificio_schema-1-650x1024.png 650w, https:\/\/caeremonialeromanum.com\/wp-content\/uploads\/2023\/10\/corte_pontificio_schema-1-190x300.png 190w, https:\/\/caeremonialeromanum.com\/wp-content\/uploads\/2023\/10\/corte_pontificio_schema-1-8x12.png 8w, https:\/\/caeremonialeromanum.com\/wp-content\/uploads\/2023\/10\/corte_pontificio_schema-1.png 694w\" sizes=\"(max-width: 650px) 100vw, 650px\" \/><figcaption class=\"wp-element-caption\">A scheme of the papal cortege from an internal document of the Sacred Congregation of Ceremonies compiled in 1925 and given to those concerned.<br>Source: private archives of Guido Gusso.<\/figcaption><\/figure>\n\n\n\n<figure class=\"wp-block-image size-large\"><img loading=\"lazy\" decoding=\"async\" width=\"852\" height=\"629\" data-id=\"1119\" src=\"https:\/\/caeremonialeromanum.com\/wp-content\/uploads\/2023\/10\/corteo_papale_pioxii_incoronazione-1.jpg\" alt=\"\" class=\"wp-image-1119\" srcset=\"https:\/\/caeremonialeromanum.com\/wp-content\/uploads\/2023\/10\/corteo_papale_pioxii_incoronazione-1.jpg 852w, https:\/\/caeremonialeromanum.com\/wp-content\/uploads\/2023\/10\/corteo_papale_pioxii_incoronazione-1-300x221.jpg 300w, https:\/\/caeremonialeromanum.com\/wp-content\/uploads\/2023\/10\/corteo_papale_pioxii_incoronazione-1-768x567.jpg 768w, https:\/\/caeremonialeromanum.com\/wp-content\/uploads\/2023\/10\/corteo_papale_pioxii_incoronazione-1-16x12.jpg 16w\" sizes=\"(max-width: 852px) 100vw, 852px\" \/><figcaption class=\"wp-element-caption\">The papal cortege on the day of the coronation of Pius XII. The procession descends from the Royal Staircase (<em>Scala Regia<\/em>) and heads inside St. Peter&#8217;s Basilica.<br>Source: Dziennik Polski.<\/figcaption><\/figure>\n<\/figure>\n\n\n\n<p>The procession, walking through the basilica, passed successively through the portico, then through the Royal Staircase (<em>Scala Regia<\/em>), the Royal Hall (<em>Sala Regia<\/em>) and the Hall of Benedictions (<em>Sala delle Benedizioni<\/em>) to reach the main (central) exterior loggia, from which there is a perfect view of the St. Peter&#8217;s Square. It was on this balcony that popes were traditionally crowned, so that the Roman people could attend the ceremony, receive the indulgences associated with it and cheer in honor of their new bishop.<\/p>\n\n\n\n<figure class=\"wp-block-gallery has-nested-images columns-default is-cropped wp-block-gallery-4 is-layout-flex wp-block-gallery-is-layout-flex\">\n<figure class=\"wp-block-image size-large\"><img loading=\"lazy\" decoding=\"async\" width=\"800\" height=\"222\" data-id=\"1125\" src=\"https:\/\/caeremonialeromanum.com\/wp-content\/uploads\/2023\/10\/bazylika_1_portyk-1.jpg\" alt=\"\" class=\"wp-image-1125\" srcset=\"https:\/\/caeremonialeromanum.com\/wp-content\/uploads\/2023\/10\/bazylika_1_portyk-1.jpg 800w, https:\/\/caeremonialeromanum.com\/wp-content\/uploads\/2023\/10\/bazylika_1_portyk-1-300x83.jpg 300w, https:\/\/caeremonialeromanum.com\/wp-content\/uploads\/2023\/10\/bazylika_1_portyk-1-768x213.jpg 768w, https:\/\/caeremonialeromanum.com\/wp-content\/uploads\/2023\/10\/bazylika_1_portyk-1-18x5.jpg 18w\" sizes=\"(max-width: 800px) 100vw, 800px\" \/><figcaption class=\"wp-element-caption\">Diagram of the portico of St. Basilica Peter.<br>Source: stpetersbasilica.info<\/figcaption><\/figure>\n\n\n\n<figure class=\"wp-block-image size-large\"><img loading=\"lazy\" decoding=\"async\" width=\"1024\" height=\"666\" data-id=\"1126\" src=\"https:\/\/caeremonialeromanum.com\/wp-content\/uploads\/2023\/10\/bazylika_2_scala_regia-1-1024x666.jpg\" alt=\"\" class=\"wp-image-1126\" srcset=\"https:\/\/caeremonialeromanum.com\/wp-content\/uploads\/2023\/10\/bazylika_2_scala_regia-1-1024x666.jpg 1024w, https:\/\/caeremonialeromanum.com\/wp-content\/uploads\/2023\/10\/bazylika_2_scala_regia-1-300x195.jpg 300w, https:\/\/caeremonialeromanum.com\/wp-content\/uploads\/2023\/10\/bazylika_2_scala_regia-1-768x500.jpg 768w, https:\/\/caeremonialeromanum.com\/wp-content\/uploads\/2023\/10\/bazylika_2_scala_regia-1-18x12.jpg 18w, https:\/\/caeremonialeromanum.com\/wp-content\/uploads\/2023\/10\/bazylika_2_scala_regia-1.jpg 1528w\" sizes=\"(max-width: 1024px) 100vw, 1024px\" \/><figcaption class=\"wp-element-caption\"><em>Scala Regia<\/em> diagram.<br>Source: Wikimedia Commons.<\/figcaption><\/figure>\n\n\n\n<figure class=\"wp-block-image size-large\"><img loading=\"lazy\" decoding=\"async\" width=\"1024\" height=\"725\" data-id=\"1128\" src=\"https:\/\/caeremonialeromanum.com\/wp-content\/uploads\/2023\/10\/bazylika_3_sala_regia-1-1024x725.jpg\" alt=\"\" class=\"wp-image-1128\" srcset=\"https:\/\/caeremonialeromanum.com\/wp-content\/uploads\/2023\/10\/bazylika_3_sala_regia-1-1024x725.jpg 1024w, https:\/\/caeremonialeromanum.com\/wp-content\/uploads\/2023\/10\/bazylika_3_sala_regia-1-300x212.jpg 300w, https:\/\/caeremonialeromanum.com\/wp-content\/uploads\/2023\/10\/bazylika_3_sala_regia-1-768x544.jpg 768w, https:\/\/caeremonialeromanum.com\/wp-content\/uploads\/2023\/10\/bazylika_3_sala_regia-1-18x12.jpg 18w, https:\/\/caeremonialeromanum.com\/wp-content\/uploads\/2023\/10\/bazylika_3_sala_regia-1.jpg 1250w\" sizes=\"(max-width: 1024px) 100vw, 1024px\" \/><figcaption class=\"wp-element-caption\">View of the Sala Regia in the Vatican Palace.<br>Source: piranesiselection.com<\/figcaption><\/figure>\n\n\n\n<figure class=\"wp-block-image size-large\"><img loading=\"lazy\" decoding=\"async\" width=\"836\" height=\"572\" data-id=\"1127\" src=\"https:\/\/caeremonialeromanum.com\/wp-content\/uploads\/2023\/10\/bazylika_4_salla_delle_benedizioni-1.png\" alt=\"\" class=\"wp-image-1127\" srcset=\"https:\/\/caeremonialeromanum.com\/wp-content\/uploads\/2023\/10\/bazylika_4_salla_delle_benedizioni-1.png 836w, https:\/\/caeremonialeromanum.com\/wp-content\/uploads\/2023\/10\/bazylika_4_salla_delle_benedizioni-1-300x205.png 300w, https:\/\/caeremonialeromanum.com\/wp-content\/uploads\/2023\/10\/bazylika_4_salla_delle_benedizioni-1-768x525.png 768w, https:\/\/caeremonialeromanum.com\/wp-content\/uploads\/2023\/10\/bazylika_4_salla_delle_benedizioni-1-18x12.png 18w\" sizes=\"(max-width: 836px) 100vw, 836px\" \/><figcaption class=\"wp-element-caption\">View of the Hall of Benedictions.<br>Source: vatican.va<\/figcaption><\/figure>\n<\/figure>\n\n\n\n<p>After arriving at the balcony, the pope sat on a specially prepared throne. Due to the limited space, it is understandable that he was accompanied there only by the necessary assistance, which included: cardinal deacons acting as assistants (also during Mass); prelates carrying a cross, tiara, mitra and candles; masters of ceremonies (obligatory two <em>de numero<\/em>, i.e. serving &#8222;full-time&#8221; in the Prefecture of Papal Ceremonies) and the cardinal protodeacon, who had the privilege of coronating the pope.<\/p>\n\n\n\n<p>In practice, there were more people on the balcony, e.g. other cardinals, representatives of armed formations, subsequent masters of ceremonies (<em>supranumerari<\/em>, i.e. &#8222;supernumeraries&#8221; who served &#8222;ad hoc&#8221;; usually there were seven of them), and nowadays also photographers, radio and television crews. This type of crowd and movement around the Holy Father was typical of the papal liturgy and ceremonies.<\/p>\n\n\n\n<figure class=\"wp-block-video aligncenter\"><video controls src=\"https:\/\/caeremonialeromanum.com\/wp-content\/uploads\/2023\/10\/john_xxiii_loggia_ENG-1.mp4\"><\/video><figcaption class=\"wp-element-caption\"><sup>John XXIII&#8217;s entrance to the central loggia of St. Peter&#8217;s Basilica.<br>Source: excerpts from a broadcast on Italian television (RAI) recorded on a VHS cassette and made available by Fr. Se\u00e1n Finnegan.<\/sup><\/figcaption><\/figure>\n\n\n\n<figure class=\"wp-block-gallery has-nested-images columns-default is-cropped wp-block-gallery-5 is-layout-flex wp-block-gallery-is-layout-flex\">\n<figure class=\"wp-block-image size-large\"><img loading=\"lazy\" decoding=\"async\" width=\"980\" height=\"757\" data-id=\"1132\" src=\"https:\/\/caeremonialeromanum.com\/wp-content\/uploads\/2023\/10\/pio12_incoronazione-1.jpg\" alt=\"\" class=\"wp-image-1132\" srcset=\"https:\/\/caeremonialeromanum.com\/wp-content\/uploads\/2023\/10\/pio12_incoronazione-1.jpg 980w, https:\/\/caeremonialeromanum.com\/wp-content\/uploads\/2023\/10\/pio12_incoronazione-1-300x232.jpg 300w, https:\/\/caeremonialeromanum.com\/wp-content\/uploads\/2023\/10\/pio12_incoronazione-1-768x593.jpg 768w, https:\/\/caeremonialeromanum.com\/wp-content\/uploads\/2023\/10\/pio12_incoronazione-1-16x12.jpg 16w\" sizes=\"(max-width: 980px) 100vw, 980px\" \/><figcaption class=\"wp-element-caption\">View of the central loggia during the coronation of Pius XII (the Pope blesses the cheering people after the ceremony). You can clearly see how little space there is on the balcony. You can also see a cross, candles and a bugia, as well as the prelate <em>di mantellone<\/em> holding a mitra.<br>Source: Il Post.<\/figcaption><\/figure>\n\n\n\n<figure class=\"wp-block-image size-large\"><img loading=\"lazy\" decoding=\"async\" width=\"827\" height=\"700\" data-id=\"1131\" src=\"https:\/\/caeremonialeromanum.com\/wp-content\/uploads\/2023\/10\/giovanni23_incoronazione-1.png\" alt=\"\" class=\"wp-image-1131\" srcset=\"https:\/\/caeremonialeromanum.com\/wp-content\/uploads\/2023\/10\/giovanni23_incoronazione-1.png 827w, https:\/\/caeremonialeromanum.com\/wp-content\/uploads\/2023\/10\/giovanni23_incoronazione-1-300x254.png 300w, https:\/\/caeremonialeromanum.com\/wp-content\/uploads\/2023\/10\/giovanni23_incoronazione-1-768x650.png 768w, https:\/\/caeremonialeromanum.com\/wp-content\/uploads\/2023\/10\/giovanni23_incoronazione-1-14x12.png 14w\" sizes=\"(max-width: 827px) 100vw, 827px\" \/><figcaption class=\"wp-element-caption\">View of the central loggia during the coronation of John XXIII. The Pope sits on the throne awaiting his coronation. You can also clearly see the cross, candles, and a television camera placed on a special platform.<br>Source: LIFE Magazine.<\/figcaption><\/figure>\n<\/figure>\n\n\n\n<p>As the pope entered the loggia and took his seat on the throne, the cantors of the <em>Cappella Musicale Pontificia<\/em> intoned Palestrina&#8217;s motet <em>Corona aurea super caput eius<\/em>, the text of which is taken from the Book of Sirach and Psalm 21:<\/p>\n\n\n\n<pre class=\"wp-block-verse has-text-align-center\"><em>Corona aurea super caput ejus.\nExpressa signo sanctitatis,\ngloria honoris,\net ope fortitudinis.\nQuoniam praevenisti eum\nin benedictionibus dulcedinis,\nposuisti in capite eius\ncoronam de lapide pretioso.<\/em><\/pre>\n\n\n\n<figure class=\"wp-block-audio aligncenter\"><audio controls src=\"https:\/\/caeremonialeromanum.com\/wp-content\/uploads\/2023\/10\/corona_aurea_Palestrina_john_xxiii-2.mp3\"><\/audio><figcaption class=\"wp-element-caption\"><sup>Singing of Palestrina&#8217;s motet <em>Corona aurea super caput eius<\/em> by the Sistine Chapel Choir during the coronation of Pope John XXIII in 1958.<br>Source: recordings provided by Fr. Se\u00e1n Finnegan.<\/sup><\/figcaption><\/figure>\n\n\n\n<figure class=\"wp-block-audio aligncenter\"><audio controls src=\"https:\/\/caeremonialeromanum.com\/wp-content\/uploads\/2023\/10\/corona_aurea_Palestrina_paul_vi-2.mp3\"><\/audio><figcaption class=\"wp-element-caption\"><sup>Singing of Palestrina&#8217;s motet <em>Corona aurea super caput eius<\/em> by the Sistine Chapel Choir during the coronation of Pope Paul VI in 1963.<br>Source: University of Maryland \/ University Libraries Digital Collections.<\/sup><\/figcaption><\/figure>\n\n\n\n<p class=\"has-medium-font-size\"><strong>II. PRAYERS BEFORE CORONATION<\/strong><\/p>\n\n\n\n<p>After the singing, the Dean of the College of Cardinals intones the <em>Pater noster<\/em> (&#8222;Our Father&#8221;), which he then recites silently until <em>et ne nos inducas in tentationem<\/em>, which he says <em>recto tono<\/em>. The choir responds <em>sed libera nos a malo<\/em>. The Lord&#8217;s Prayer does not end with the usual <em>Amen<\/em>.<\/p>\n\n\n\n<p>The verses and responsories own for the pope&#8217;s coronation rites follow. The Dean of the College of Cardinals is answered by the choir. The prayer closes with an oration sung by the Dean of the College, in which the Church prays for God&#8217;s favors for the new pope for the duration of his pontificate. The pope is mentioned in this prayer by the name he assumed upon his election to the See of Peter.<\/p>\n\n\n\n<pre class=\"wp-block-verse\">\u2123. Cant\u00e9mus D\u00f3mino.\n\u211f. Glori\u00f3se enim magnific\u00e1tus est.\n\u2123. Buccin\u00e1te in neom\u00e9nia tuba.\n\u211f. In ins\u00edgni die solemnit\u00e1tis vestr\u00e6.\n\u2123. Iubil\u00e1te Deo, omnis terra.\n\u211f. Serv\u00edte D\u00f3mino in l\u00e6t\u00edtia.\n\u2123. D\u00f3mine, ex\u00e1di orati\u00f3nem meam.\n\u211f. Et clamor meus ad te v\u00e9niat.\n\u2123. D\u00f3minus vob\u00edscum.\n\u211f. Et cum sp\u00edritu tuo.\n\nOr\u00e9mus.\nOmn\u00edpotens sempit\u00e9rne Deus, d\u00edgnitas sacerd\u00f3tii et auctor regni, da gr\u00e1tiam f\u00e1mulo tuo N. Pont\u00edfici nostro, Eccl\u00e9siam tuam fructu\u00f3se reg\u00e9ndi, ut qui tua clem\u00e9ntia pater regum et rector \u00f3mnium fid\u00e9lium constit\u00faitur et coron\u00e1tur, s\u00e1lubri tua dispositi\u00f3ne cuncta bene gubern\u00e9ntur. Per Christum D\u00f3minum nostrum.\n\u211f. Amen.<\/pre>\n\n\n\n<figure class=\"wp-block-video aligncenter\"><video controls src=\"https:\/\/caeremonialeromanum.com\/wp-content\/uploads\/2023\/10\/pater_john_xxiii_coronation-3.mp4\"><\/video><figcaption class=\"wp-element-caption\"><sup>Prayers preceding the coronation of John XXIII. The Dean of the College of Cardinals was Eug\u00e8ne Tisserant.<br>Source: fragments from the broadcast on Italian television (RAI) recorded on a VHS cassette and made available by Fr. Se\u00e1n Finnegan.<\/sup><\/figcaption><\/figure>\n\n\n\n<figure class=\"wp-block-audio aligncenter\"><audio controls src=\"https:\/\/caeremonialeromanum.com\/wp-content\/uploads\/2023\/10\/pater_noster_paul_vi-2.mp3\"><\/audio><figcaption class=\"wp-element-caption\"><sup>Fragments of the <em>Pater noster<\/em> prayer with verses during the coronation of Pope Paul VI. Cardinal Tisserant was also the Dean of the College of Cardinals at that time.<br>Source: University of Maryland \/ University Libraries Digital Collections.<\/sup><\/figcaption><\/figure>\n\n\n\n<p class=\"has-medium-font-size\"><strong>III. THE CORONATION<\/strong><\/p>\n\n\n\n<p>After the oration, the second cardinal deacon removes the mitra from the pope&#8217;s head. After this, the cardinal protodeacon takes the tiara in his hands, says the words of coronation, i.e. the famous <em>Accipe tiaram<\/em>, and places the triple crown on the pope&#8217;s head.<\/p>\n\n\n\n<pre class=\"wp-block-verse\">Accipe ti\u00e1ram tribus cor\u00f3nis orn\u00e1tam et scias te esse patrem pr\u00edncipum et regum, rect\u00f3rem orbis, in terra Vic\u00e1rium Salvat\u00f3ris nostri Iesu Christi, cui est honor et gl\u00f3ria in s\u01fdcula s\u00e6cul\u00f3rum. Amen.\n\nReceive the tiara adorned with three crowns, and know that you are the father of princes and kings, the ruler of the world, the vicar of our Savior Jesus Christ on earth, to whom be all honor and glory, world without end. Amen.<\/pre>\n\n\n\n<p class=\"has-text-align-center\"><strong>PHOTO GALLERY DOCUMENTING THE CORONATIONS OF PIUS XII, JOHN XXIII AND PAUL VI<\/strong><\/p>\n\n\n\n<figure class=\"wp-block-gallery has-nested-images columns-default is-cropped wp-block-gallery-6 is-layout-flex wp-block-gallery-is-layout-flex\">\n<figure class=\"wp-block-image size-large\"><img loading=\"lazy\" decoding=\"async\" width=\"799\" height=\"1024\" data-id=\"1146\" src=\"https:\/\/caeremonialeromanum.com\/wp-content\/uploads\/2023\/10\/moment_koronacji_piusXII-1-799x1024.png\" alt=\"\" class=\"wp-image-1146\" srcset=\"https:\/\/caeremonialeromanum.com\/wp-content\/uploads\/2023\/10\/moment_koronacji_piusXII-1-799x1024.png 799w, https:\/\/caeremonialeromanum.com\/wp-content\/uploads\/2023\/10\/moment_koronacji_piusXII-1-234x300.png 234w, https:\/\/caeremonialeromanum.com\/wp-content\/uploads\/2023\/10\/moment_koronacji_piusXII-1-768x985.png 768w, https:\/\/caeremonialeromanum.com\/wp-content\/uploads\/2023\/10\/moment_koronacji_piusXII-1-9x12.png 9w, https:\/\/caeremonialeromanum.com\/wp-content\/uploads\/2023\/10\/moment_koronacji_piusXII-1.png 1085w\" sizes=\"(max-width: 799px) 100vw, 799px\" \/><figcaption class=\"wp-element-caption\">The moment of the coronatin of Pius XII. The tiara is placed on the head of the Holy Father by Cardinal Protodeacon Camillo Caccia Dominioni.<br>Source: Osservatore Romano.<\/figcaption><\/figure>\n\n\n\n<figure class=\"wp-block-image size-full\"><img loading=\"lazy\" decoding=\"async\" width=\"1019\" height=\"790\" data-id=\"1217\" src=\"https:\/\/caeremonialeromanum.com\/wp-content\/uploads\/2023\/10\/moment_koronacji_johnxxiii-1.png\" alt=\"\" class=\"wp-image-1217\" srcset=\"https:\/\/caeremonialeromanum.com\/wp-content\/uploads\/2023\/10\/moment_koronacji_johnxxiii-1.png 1019w, https:\/\/caeremonialeromanum.com\/wp-content\/uploads\/2023\/10\/moment_koronacji_johnxxiii-1-300x233.png 300w, https:\/\/caeremonialeromanum.com\/wp-content\/uploads\/2023\/10\/moment_koronacji_johnxxiii-1-768x595.png 768w, https:\/\/caeremonialeromanum.com\/wp-content\/uploads\/2023\/10\/moment_koronacji_johnxxiii-1-15x12.png 15w\" sizes=\"(max-width: 1019px) 100vw, 1019px\" \/><figcaption class=\"wp-element-caption\">The moment of the coronation of John XXIII. The Pope was crowned by Cardinal Protodeacon Nicola Canali. In the photo we see Mons. Enrico Dante helps place and stabilize the tiara on the pope&#8217;s head.<br>Source: LIFE Magazine.<\/figcaption><\/figure>\n\n\n\n<figure class=\"wp-block-image size-large\"><img loading=\"lazy\" decoding=\"async\" width=\"1024\" height=\"862\" data-id=\"1147\" src=\"https:\/\/caeremonialeromanum.com\/wp-content\/uploads\/2023\/10\/moment_koronacji_pawelVI-1-1024x862.png\" alt=\"\" class=\"wp-image-1147\" srcset=\"https:\/\/caeremonialeromanum.com\/wp-content\/uploads\/2023\/10\/moment_koronacji_pawelVI-1-1024x862.png 1024w, https:\/\/caeremonialeromanum.com\/wp-content\/uploads\/2023\/10\/moment_koronacji_pawelVI-1-300x252.png 300w, https:\/\/caeremonialeromanum.com\/wp-content\/uploads\/2023\/10\/moment_koronacji_pawelVI-1-768x646.png 768w, https:\/\/caeremonialeromanum.com\/wp-content\/uploads\/2023\/10\/moment_koronacji_pawelVI-1-1536x1293.png 1536w, https:\/\/caeremonialeromanum.com\/wp-content\/uploads\/2023\/10\/moment_koronacji_pawelVI-1-2048x1723.png 2048w, https:\/\/caeremonialeromanum.com\/wp-content\/uploads\/2023\/10\/moment_koronacji_pawelVI-1-14x12.png 14w\" sizes=\"(max-width: 1024px) 100vw, 1024px\" \/><figcaption class=\"wp-element-caption\">The moment of the coronation of Paul VI. The tiara is placed on the head of the Holy Father by Cardinal Protodeacon Alfredo Ottaviani. The coronation of Paul VI took place on the throne under the loggia, which was also used during Holy Mass.<br>Source: Getty Images.<\/figcaption><\/figure>\n<\/figure>\n\n\n\n<figure class=\"wp-block-gallery has-nested-images columns-default is-cropped wp-block-gallery-7 is-layout-flex wp-block-gallery-is-layout-flex\">\n<figure class=\"wp-block-image size-large\"><img loading=\"lazy\" decoding=\"async\" width=\"1024\" height=\"723\" data-id=\"1221\" src=\"https:\/\/caeremonialeromanum.com\/wp-content\/uploads\/2023\/10\/moment_koronacji_janXXIII-2-1024x723.jpg\" alt=\"\" class=\"wp-image-1221\" srcset=\"https:\/\/caeremonialeromanum.com\/wp-content\/uploads\/2023\/10\/moment_koronacji_janXXIII-2-1024x723.jpg 1024w, https:\/\/caeremonialeromanum.com\/wp-content\/uploads\/2023\/10\/moment_koronacji_janXXIII-2-300x212.jpg 300w, https:\/\/caeremonialeromanum.com\/wp-content\/uploads\/2023\/10\/moment_koronacji_janXXIII-2-768x542.jpg 768w, https:\/\/caeremonialeromanum.com\/wp-content\/uploads\/2023\/10\/moment_koronacji_janXXIII-2-1536x1085.jpg 1536w, https:\/\/caeremonialeromanum.com\/wp-content\/uploads\/2023\/10\/moment_koronacji_janXXIII-2-18x12.jpg 18w, https:\/\/caeremonialeromanum.com\/wp-content\/uploads\/2023\/10\/moment_koronacji_janXXIII-2.jpg 2048w\" sizes=\"(max-width: 1024px) 100vw, 1024px\" \/><figcaption class=\"wp-element-caption\">DID YOU KNOW: thanks to this photo, we know the exact time of Pope John XXIII&#8217;s coronation.<br>Source: Getty Images.<\/figcaption><\/figure>\n\n\n\n<figure class=\"wp-block-image size-large\"><img loading=\"lazy\" decoding=\"async\" width=\"235\" height=\"290\" data-id=\"1220\" src=\"https:\/\/caeremonialeromanum.com\/wp-content\/uploads\/2023\/10\/godzina_koronacji-1.png\" alt=\"\" class=\"wp-image-1220\" srcset=\"https:\/\/caeremonialeromanum.com\/wp-content\/uploads\/2023\/10\/godzina_koronacji-1.png 235w, https:\/\/caeremonialeromanum.com\/wp-content\/uploads\/2023\/10\/godzina_koronacji-1-10x12.png 10w\" sizes=\"(max-width: 235px) 100vw, 235px\" \/><figcaption class=\"wp-element-caption\">The clock indicates 1 pm.<br>Source: Getty Images.<\/figcaption><\/figure>\n<\/figure>\n\n\n\n<p class=\"has-text-align-center\"><strong>RECORDINGS DOCUMENTING THE CORONATIONS OF PIUS XII, JOHN XXIII AND PAUL VI:<\/strong><\/p>\n\n\n\n<figure class=\"wp-block-video aligncenter\"><video controls src=\"https:\/\/caeremonialeromanum.com\/wp-content\/uploads\/2023\/10\/coronation_piusXII-3.mp4\"><\/video><figcaption class=\"wp-element-caption\"><sup>Coronation of Pope Pius XII.<br>Source: RCFN\/FINA.<\/sup><\/figcaption><\/figure>\n\n\n\n<figure class=\"wp-block-video aligncenter\"><video controls src=\"https:\/\/caeremonialeromanum.com\/wp-content\/uploads\/2023\/10\/coronation_johnXXIII-3.mp4\"><\/video><figcaption class=\"wp-element-caption\"><sup>Coronation of Pope John XXIII.<br>Source: INA (France).<\/sup><\/figcaption><\/figure>\n\n\n\n<figure class=\"wp-block-video aligncenter\"><video controls src=\"https:\/\/caeremonialeromanum.com\/wp-content\/uploads\/2023\/10\/coronation_paulVI_ENG-1.mp4\"><\/video><figcaption class=\"wp-element-caption\"><sup>Coronation of Pope Paul VI.<br>Source: Nimia and British Movietone.<\/sup><\/figcaption><\/figure>\n\n\n\n<p class=\"has-medium-font-size\"><strong>IV. BLESSING <em>URBI ET ORBI<\/em><\/strong><\/p>\n\n\n\n<p>The first act of the newly crowned pope is to give a solemn blessing to the people, which is traditionally called <em>Urbi et Orbi<\/em>, or &#8222;for the City and for the World&#8221;. Indulgences are assigned to it, which, with the development of technology, can also be obtained via radio or television.<\/p>\n\n\n\n<p>The pope gives this blessing standing, with a tiara on his head, singing the texts of prayers from the book held by the Archbishops Assistants to the Throne:<\/p>\n\n\n\n<pre class=\"wp-block-verse\">Sancti Ap\u00f3stoli Petrus et Paulus, de quorum potest\u00e1te et auctorit\u00e1te conf\u00eddimus, ipsi interc\u00e9dant pro nobis ad D\u00f3minum.\n\nPr\u00e9cibus et m\u00e9ritis be\u00e1t\u00e6 Mar\u00ed\u00e6 semper V\u00edrginis, be\u00e1ti Micha\u00e9lis Arch\u00e1ngeli, be\u00e1ti Io\u00e1nnis Bapt\u00edst\u00e6, et sanct\u00f3rum Apostol\u00f3rum Petri et Pauli, et \u00f3mnium Sanct\u00f3rum, misere\u00e1tur vestri omn\u00edpotens Deus et dim\u00edssis \u00f3mnibus pecc\u00e1tis vestris, perd\u00facat vos Iesus Christus in vitam \u00e6t\u00e9rnam.\n\u211f. Amen.\n\nIndulg\u00e9ntiam, absoluti\u00f3nem, et remissi\u00f3nem \u00f3mnium peccat\u00f3rum vestr\u00f3rum, sp\u00e1tium ver\u00e6 et fructu\u00f3s\u00e6 p\u0153nit\u00e9nti\u00e6, cor semper p\u0153nitens et emendati\u00f3nem vit\u00e6, gr\u00e1tiam et consolati\u00f3nem Sancti Sp\u00edritus, et fin\u00e1lem persever\u00e1ntiam in bonis op\u00e9ribus, tr\u00edbuat vobis omn\u00edpotens et mis\u00e9ricors D\u00f3minus.\n\u211f. Amen.<\/pre>\n\n\n\n<figure class=\"wp-block-audio aligncenter\"><audio controls src=\"https:\/\/caeremonialeromanum.com\/wp-content\/uploads\/2023\/10\/piusXII_oratio-1.mp3\"><\/audio><figcaption class=\"wp-element-caption\"><sup>Pope Pius XII sings the third prayer preceding the blessing (<em>Indulgentiam<\/em>).<br>Source: INA (France).<\/sup><\/figcaption><\/figure>\n\n\n\n<figure class=\"wp-block-video aligncenter\"><video controls src=\"https:\/\/caeremonialeromanum.com\/wp-content\/uploads\/2023\/10\/johnXXIII_oratio-3.mp4\"><\/video><figcaption class=\"wp-element-caption\"><sup>Pope John XXIII sings prayers before the blessing.<br>Source: INA (France).<\/sup><\/figcaption><\/figure>\n\n\n\n<figure class=\"wp-block-audio aligncenter\"><audio controls src=\"https:\/\/caeremonialeromanum.com\/wp-content\/uploads\/2023\/10\/paulVI_oratio-3.mp3\"><\/audio><figcaption class=\"wp-element-caption\"><sup>Pope Paul VI sings the second (<em>Precibus<\/em>) and third (<em>Indulgentiam<\/em>) prayers before the blessing.<br>Source: University of Maryland \/ University Libraries Digital Collections.<\/sup><\/figcaption><\/figure>\n\n\n\n<p>Immediately after the last <em>Amen<\/em>, the pope gives the blessing following the customary formula, making the sign of the cross over the people three times (center, left, right \u2013 it is interesting that Pius XII, John XXIII and Paul VI blessed from left, through center, to right, as seen in the recordings).<\/p>\n\n\n\n<p>Traditionally, the pope blessed with three fingers (thumb, index and middle) \u2013 they were straight, while the other two were bent, as when making a fist. However, not all popes always blessed in this way, probably due to previous habits.<\/p>\n\n\n\n<pre class=\"wp-block-verse\">Et bened\u00edctio Dei omnipot\u00e9ntis, Pat+ris, et F\u00ed+lii, et Sp\u00edritus + Sancti, desc\u00e9ndat super vos et m\u00e1neat semper.\n\u211f. Amen. <\/pre>\n\n\n\n<figure class=\"wp-block-video aligncenter\"><video controls src=\"https:\/\/caeremonialeromanum.com\/wp-content\/uploads\/2023\/10\/piusXII_benedictio-3.mp4\"><\/video><figcaption class=\"wp-element-caption\"><sup>Pope Pius XII gives his blessing.<br>Source: RCFN\/FINA.<\/sup><\/figcaption><\/figure>\n\n\n\n<figure class=\"wp-block-video aligncenter\"><video controls src=\"https:\/\/caeremonialeromanum.com\/wp-content\/uploads\/2023\/10\/johnXXIII_benedictio-3.mp4\"><\/video><figcaption class=\"wp-element-caption\"><sup>Pope John XXIII gives his blessing.<br>Source: INA (France).<\/sup><\/figcaption><\/figure>\n\n\n\n<figure class=\"wp-block-video aligncenter\"><video controls src=\"https:\/\/caeremonialeromanum.com\/wp-content\/uploads\/2023\/10\/paulVI_benedictio-3.mp4\"><\/video><figcaption class=\"wp-element-caption\"><sup>Pope Paul VI gives his blessing.<br>Source: Nimia and British Movietone.<\/sup><\/figcaption><\/figure>\n\n\n\n<figure class=\"wp-block-audio aligncenter\"><audio controls src=\"https:\/\/caeremonialeromanum.com\/wp-content\/uploads\/2023\/10\/paulVI_benedictio_audio-3.mp3\"><\/audio><figcaption class=\"wp-element-caption\"><sup>Recording of the blessing of Pope Paul VI.<br>Source: University of Maryland \/ University Libraries Digital Collections.<\/sup><\/figcaption><\/figure>\n\n\n\n<p class=\"has-medium-font-size\"><strong>V. ANNOUNCEMENT OF INDULGENCE<\/strong><\/p>\n\n\n\n<p>After the blessing, the first of the cardinal deacon assistants announces to the people in Latin that all the faithful who have received it have also received the plenary indulgence assigned to them, with, of course, the proper disposition of the soul.<\/p>\n\n\n\n<figure class=\"wp-block-gallery has-nested-images columns-default is-cropped wp-block-gallery-8 is-layout-flex wp-block-gallery-is-layout-flex\">\n<figure class=\"wp-block-image size-large\"><img loading=\"lazy\" decoding=\"async\" width=\"1024\" height=\"724\" data-id=\"1167\" src=\"https:\/\/caeremonialeromanum.com\/wp-content\/uploads\/2023\/10\/benedict_xv_indulgentia-1-1024x724.jpg\" alt=\"\" class=\"wp-image-1167\" srcset=\"https:\/\/caeremonialeromanum.com\/wp-content\/uploads\/2023\/10\/benedict_xv_indulgentia-1-1024x724.jpg 1024w, https:\/\/caeremonialeromanum.com\/wp-content\/uploads\/2023\/10\/benedict_xv_indulgentia-1-300x212.jpg 300w, https:\/\/caeremonialeromanum.com\/wp-content\/uploads\/2023\/10\/benedict_xv_indulgentia-1-768x543.jpg 768w, https:\/\/caeremonialeromanum.com\/wp-content\/uploads\/2023\/10\/benedict_xv_indulgentia-1-1536x1086.jpg 1536w, https:\/\/caeremonialeromanum.com\/wp-content\/uploads\/2023\/10\/benedict_xv_indulgentia-1-18x12.jpg 18w, https:\/\/caeremonialeromanum.com\/wp-content\/uploads\/2023\/10\/benedict_xv_indulgentia-1.jpg 2048w\" sizes=\"(max-width: 1024px) 100vw, 1024px\" \/><figcaption class=\"wp-element-caption\">Announcement of plenary indulgence after the coronation of Pope Benedict XV on September 6, 1914.<br>Due to the takeover of Rome by the Italian state in 1870, coronations took place inside the Vatican Basilica or in the Sistine Chapel. However, the <em>Urbi et Orbi<\/em> blessing was given from the inner balcony of St. Peter&#8217;s Basilica. Due to the outbreak of World War I, Pope Benedict XV decided that this element of the ceremony would be held more modestly and gave the blessing in the Sistine Chapel.<br>Source: Getty Images.<\/figcaption><\/figure>\n<\/figure>\n\n\n\n<figure class=\"wp-block-audio aligncenter\"><audio controls src=\"https:\/\/caeremonialeromanum.com\/wp-content\/uploads\/2023\/10\/piusXII_indulgentia_LAT-1.mp3\"><\/audio><figcaption class=\"wp-element-caption\"><sup>Announcement of plenary indulgence in Latin after the coronation of Pope Pius XII.<br>Source: Gordon Skene Sound Collection.<\/sup><\/figcaption><\/figure>\n\n\n\n<figure class=\"wp-block-video aligncenter\"><video controls src=\"https:\/\/caeremonialeromanum.com\/wp-content\/uploads\/2023\/10\/johnXXIII_indulgentia_LAT-3.mp4\"><\/video><figcaption class=\"wp-element-caption\"><sup>Announcement of indulgence in Latin after the coronation of John XXIII.<br>Source: fragments from the broadcast on Italian television (RAI) recorded on a VHS cassette and made available by Fr. Se\u00e1n Finnegan.<\/sup><\/figcaption><\/figure>\n\n\n\n<p>Immediately after this, the second cardinal deacon assistant says the same formula in Italian.<\/p>\n\n\n\n<figure class=\"wp-block-audio aligncenter\"><audio controls src=\"https:\/\/caeremonialeromanum.com\/wp-content\/uploads\/2023\/10\/piusXII_indulgentia_IT-2.mp3\"><\/audio><figcaption class=\"wp-element-caption\"><sup>Announcement of plenary indulgence in Italian after the coronation of Pope Pius XII.<br>Source: Gordon Skene Sound Collectio.<\/sup><\/figcaption><\/figure>\n\n\n\n<figure class=\"wp-block-video aligncenter\"><video controls src=\"https:\/\/caeremonialeromanum.com\/wp-content\/uploads\/2023\/10\/johnXXIII_indulgentia_IT-3.mp4\"><\/video><figcaption class=\"wp-element-caption\"><sup>Announcement of indulgence in Italian after the coronation of John XXIII.<br>Source: fragments from the broadcast on Italian television (RAI) recorded on a VHS cassette and made available by Fr. Se\u00e1n Finnegan.<\/sup><\/figcaption><\/figure>\n\n\n\n<p>In the past, after the announcement of the indulgence, the sheets read by the cardinal deacons were thrown down to the faithful gathered in front of the entrance to the portico of the basilica.<\/p>\n\n\n\n<p class=\"has-medium-font-size\"><strong>VI. THE POPE&#8217;S RETURN TO THE APOSTOLIC PALACE<\/strong><\/p>\n\n\n\n<p>After the indulgence is announced, the bells of St. Peter&#8217;s Basilica begin to ring. The people cheer in honor of the pope. Armed formations gathered in St. Peter&#8217;s Square salute the Holy Father (since the signing of the Lateran Pacts in 1929, the armed formations of the Italian state have also been present during <em>Urbi et Orbi<\/em> solemn blessings, such as on the occasion of Christmas or Easter).<\/p>\n\n\n\n<figure class=\"wp-block-gallery has-nested-images columns-default is-cropped wp-block-gallery-9 is-layout-flex wp-block-gallery-is-layout-flex\">\n<figure class=\"wp-block-image size-large\"><img loading=\"lazy\" decoding=\"async\" width=\"548\" height=\"720\" data-id=\"1179\" src=\"https:\/\/caeremonialeromanum.com\/wp-content\/uploads\/2023\/10\/arma1-1.jpg\" alt=\"\" class=\"wp-image-1179\" srcset=\"https:\/\/caeremonialeromanum.com\/wp-content\/uploads\/2023\/10\/arma1-1.jpg 548w, https:\/\/caeremonialeromanum.com\/wp-content\/uploads\/2023\/10\/arma1-1-228x300.jpg 228w, https:\/\/caeremonialeromanum.com\/wp-content\/uploads\/2023\/10\/arma1-1-9x12.jpg 9w\" sizes=\"(max-width: 548px) 100vw, 548px\" \/><figcaption class=\"wp-element-caption\">The Noble Guard in St. Peter&#8217;s Square during the coronation of Pope Pius XII.<br>Source: Luce.<\/figcaption><\/figure>\n\n\n\n<figure class=\"wp-block-image size-large\"><img loading=\"lazy\" decoding=\"async\" width=\"720\" height=\"539\" data-id=\"1178\" src=\"https:\/\/caeremonialeromanum.com\/wp-content\/uploads\/2023\/10\/arma2-1.jpg\" alt=\"\" class=\"wp-image-1178\" srcset=\"https:\/\/caeremonialeromanum.com\/wp-content\/uploads\/2023\/10\/arma2-1.jpg 720w, https:\/\/caeremonialeromanum.com\/wp-content\/uploads\/2023\/10\/arma2-1-300x225.jpg 300w, https:\/\/caeremonialeromanum.com\/wp-content\/uploads\/2023\/10\/arma2-1-16x12.jpg 16w\" sizes=\"(max-width: 720px) 100vw, 720px\" \/><figcaption class=\"wp-element-caption\">The Noble Guard in St. Peter&#8217;s Square during the coronation of Pope Pius XII.<br>Source: Luce.<\/figcaption><\/figure>\n\n\n\n<figure class=\"wp-block-image size-large\"><img loading=\"lazy\" decoding=\"async\" width=\"720\" height=\"536\" data-id=\"1177\" src=\"https:\/\/caeremonialeromanum.com\/wp-content\/uploads\/2023\/10\/arma3-1.jpg\" alt=\"\" class=\"wp-image-1177\" srcset=\"https:\/\/caeremonialeromanum.com\/wp-content\/uploads\/2023\/10\/arma3-1.jpg 720w, https:\/\/caeremonialeromanum.com\/wp-content\/uploads\/2023\/10\/arma3-1-300x223.jpg 300w, https:\/\/caeremonialeromanum.com\/wp-content\/uploads\/2023\/10\/arma3-1-16x12.jpg 16w\" sizes=\"(max-width: 720px) 100vw, 720px\" \/><figcaption class=\"wp-element-caption\">The Noble Guard in St. Peter&#8217;s Square during the coronation of Pope Pius XII.<br>Source: Luce.<\/figcaption><\/figure>\n\n\n\n<figure class=\"wp-block-image size-large\"><img loading=\"lazy\" decoding=\"async\" width=\"720\" height=\"548\" data-id=\"1180\" src=\"https:\/\/caeremonialeromanum.com\/wp-content\/uploads\/2023\/10\/arma4-1.jpg\" alt=\"\" class=\"wp-image-1180\" srcset=\"https:\/\/caeremonialeromanum.com\/wp-content\/uploads\/2023\/10\/arma4-1.jpg 720w, https:\/\/caeremonialeromanum.com\/wp-content\/uploads\/2023\/10\/arma4-1-300x228.jpg 300w, https:\/\/caeremonialeromanum.com\/wp-content\/uploads\/2023\/10\/arma4-1-16x12.jpg 16w\" sizes=\"(max-width: 720px) 100vw, 720px\" \/><figcaption class=\"wp-element-caption\">The Noble Guard in St. Peter&#8217;s Square during the coronation of Pope Pius XII. It is noteworthy that in this photo, unlike the others, the flags are not held straight, but facing slightly forward as a sign of salute to the Holy Father.<br>Source: Luce.<\/figcaption><\/figure>\n<\/figure>\n\n\n\n<figure class=\"wp-block-gallery has-nested-images columns-default is-cropped wp-block-gallery-10 is-layout-flex wp-block-gallery-is-layout-flex\"><div class=\"wp-block-image\">\n<figure class=\"aligncenter size-large\"><img loading=\"lazy\" decoding=\"async\" width=\"1024\" height=\"662\" data-id=\"1227\" src=\"https:\/\/caeremonialeromanum.com\/wp-content\/uploads\/2023\/10\/arma_johnXXIII-1-1024x662.png\" alt=\"\" class=\"wp-image-1227\" srcset=\"https:\/\/caeremonialeromanum.com\/wp-content\/uploads\/2023\/10\/arma_johnXXIII-1-1024x662.png 1024w, https:\/\/caeremonialeromanum.com\/wp-content\/uploads\/2023\/10\/arma_johnXXIII-1-300x194.png 300w, https:\/\/caeremonialeromanum.com\/wp-content\/uploads\/2023\/10\/arma_johnXXIII-1-768x497.png 768w, https:\/\/caeremonialeromanum.com\/wp-content\/uploads\/2023\/10\/arma_johnXXIII-1-18x12.png 18w, https:\/\/caeremonialeromanum.com\/wp-content\/uploads\/2023\/10\/arma_johnXXIII-1.png 1280w\" sizes=\"(max-width: 1024px) 100vw, 1024px\" \/><figcaption class=\"wp-element-caption\">Armed formations in St. Peter&#8217;s Square during the coronation of Pope John XXIII.<br>Source: LIFE Magazine<\/figcaption><\/figure><\/div><\/figure>\n\n\n\n<p>The pope remains on the balcony for a while longer to bless for the last time \u2013 without special ceremonial \u2013 the faithful gathered in the square. Then he went back inside and take his place on the <em>sedia gestatoria<\/em> (in the case of Paul VI&#8217;s coronation, the papal procession passed through St. Peter&#8217;s Square before the Holy Father returned to the Apostolic Palace).<\/p>\n\n\n\n<figure class=\"wp-block-video aligncenter\"><video controls src=\"https:\/\/caeremonialeromanum.com\/wp-content\/uploads\/2023\/10\/piusXII_zejscie-3.mp4\"><\/video><figcaption class=\"wp-element-caption\"><sup>Pope Pius XII greets the faithful before leaving the loggia.<br>Source: RCFN\/FINA<\/sup><\/figcaption><\/figure>\n\n\n\n<figure class=\"wp-block-video aligncenter\"><video controls src=\"https:\/\/caeremonialeromanum.com\/wp-content\/uploads\/2023\/10\/johnXXIII_zejscie-3.mp4\"><\/video><figcaption class=\"wp-element-caption\"><sup>Descent of Pope John XXIII from the central loggia.<br>Source: INA (France).<\/sup><\/figcaption><\/figure>\n\n\n\n<figure class=\"wp-block-video aligncenter\"><video controls src=\"https:\/\/caeremonialeromanum.com\/wp-content\/uploads\/2023\/10\/paulVI_zejscie-3.mp4\"><\/video><figcaption class=\"wp-element-caption\"><sup>Pope Paul VI in a lectern walks through St. Peter&#8217;s Square greeting and blessing the cheering crowd.<br>Source: Nimia.<\/sup><\/figcaption><\/figure>\n\n\n\n<p>Before the procession moves toward the Hall of Paraments (<em>Sala dei Paramenti<\/em>) \u2013 which is a passageway between the Royal Hall (<em>Sala Regia<\/em>) and the Ducal Hall (<em>Sala Ducale<\/em>), and the lodges of the Apostolic Palace; there also the pope was prepared for the papal chapels \u2013 the cardinals change their liturgical vestments into purple coats (the so-called curial coats).<\/p>\n\n\n\n<figure class=\"wp-block-gallery has-nested-images columns-default is-cropped wp-block-gallery-11 is-layout-flex wp-block-gallery-is-layout-flex\"><div class=\"wp-block-image\">\n<figure class=\"aligncenter size-large\"><img loading=\"lazy\" decoding=\"async\" width=\"1024\" height=\"1012\" data-id=\"1233\" src=\"https:\/\/caeremonialeromanum.com\/wp-content\/uploads\/2023\/10\/sala_dei_paramenti_piusX-1-1024x1012.png\" alt=\"\" class=\"wp-image-1233\" srcset=\"https:\/\/caeremonialeromanum.com\/wp-content\/uploads\/2023\/10\/sala_dei_paramenti_piusX-1-1024x1012.png 1024w, https:\/\/caeremonialeromanum.com\/wp-content\/uploads\/2023\/10\/sala_dei_paramenti_piusX-1-300x296.png 300w, https:\/\/caeremonialeromanum.com\/wp-content\/uploads\/2023\/10\/sala_dei_paramenti_piusX-1-768x759.png 768w, https:\/\/caeremonialeromanum.com\/wp-content\/uploads\/2023\/10\/sala_dei_paramenti_piusX-1-12x12.png 12w, https:\/\/caeremonialeromanum.com\/wp-content\/uploads\/2023\/10\/sala_dei_paramenti_piusX-1.png 1280w\" sizes=\"(max-width: 1024px) 100vw, 1024px\" \/><figcaption class=\"wp-element-caption\">Saint Pius X in the Hall of Paraments (<em>Sala dei Paramenti<\/em>) in preparation for his solemn coronation in St. Peter&#8217;s Basilica in 1903.<br>Source: Ceremonia y r\u00fabrica de la Iglesia espa\u00f1ola<\/figcaption><\/figure><\/div><\/figure>\n\n\n\n<figure class=\"wp-block-video aligncenter\"><video controls src=\"https:\/\/caeremonialeromanum.com\/wp-content\/uploads\/2023\/10\/sala_dei_paramenti-5.mp4\"><\/video><figcaption class=\"wp-element-caption\"><sup>The papal <em>sedia gestatoria<\/em> prepared in the Hall of Paraments for the new pope during the conclave that in 1939 elected Cardinal Eugenio Pacelli as the next successor of Saint Peter.<br>Source: Filmoteca Vaticana.<\/sup><\/figcaption><\/figure>\n\n\n\n<figure class=\"wp-block-gallery has-nested-images columns-default is-cropped wp-block-gallery-12 is-layout-flex wp-block-gallery-is-layout-flex\">\n<figure class=\"wp-block-image size-large\"><img loading=\"lazy\" decoding=\"async\" width=\"905\" height=\"734\" data-id=\"1197\" src=\"https:\/\/caeremonialeromanum.com\/wp-content\/uploads\/2023\/10\/paramenti_papali_vaticano-1.jpg\" alt=\"\" class=\"wp-image-1197\" srcset=\"https:\/\/caeremonialeromanum.com\/wp-content\/uploads\/2023\/10\/paramenti_papali_vaticano-1.jpg 905w, https:\/\/caeremonialeromanum.com\/wp-content\/uploads\/2023\/10\/paramenti_papali_vaticano-1-300x243.jpg 300w, https:\/\/caeremonialeromanum.com\/wp-content\/uploads\/2023\/10\/paramenti_papali_vaticano-1-768x623.jpg 768w, https:\/\/caeremonialeromanum.com\/wp-content\/uploads\/2023\/10\/paramenti_papali_vaticano-1-15x12.jpg 15w\" sizes=\"(max-width: 905px) 100vw, 905px\" \/><figcaption class=\"wp-element-caption\">Brother Frederico prepares papal vestments in the Hall of Paraments for Pope Pius XII before the public consistory in February 1946.<br>Source: Associated Press Photo.<\/figcaption><\/figure>\n<\/figure>\n\n\n\n<figure class=\"wp-block-gallery has-nested-images columns-default is-cropped wp-block-gallery-13 is-layout-flex wp-block-gallery-is-layout-flex\">\n<figure class=\"wp-block-image size-large\"><img loading=\"lazy\" decoding=\"async\" width=\"1024\" height=\"769\" data-id=\"1192\" src=\"https:\/\/caeremonialeromanum.com\/wp-content\/uploads\/2023\/10\/sala_dei_paramenti_black_white-1-1024x769.png\" alt=\"\" class=\"wp-image-1192\" srcset=\"https:\/\/caeremonialeromanum.com\/wp-content\/uploads\/2023\/10\/sala_dei_paramenti_black_white-1-1024x769.png 1024w, https:\/\/caeremonialeromanum.com\/wp-content\/uploads\/2023\/10\/sala_dei_paramenti_black_white-1-300x225.png 300w, https:\/\/caeremonialeromanum.com\/wp-content\/uploads\/2023\/10\/sala_dei_paramenti_black_white-1-768x577.png 768w, https:\/\/caeremonialeromanum.com\/wp-content\/uploads\/2023\/10\/sala_dei_paramenti_black_white-1-16x12.png 16w, https:\/\/caeremonialeromanum.com\/wp-content\/uploads\/2023\/10\/sala_dei_paramenti_black_white-1.png 1270w\" sizes=\"(max-width: 1024px) 100vw, 1024px\" \/><figcaption class=\"wp-element-caption\"><em>Sala dei Paramenti<\/em> in 1931 (probably).<br>Source: Alinari.<\/figcaption><\/figure>\n\n\n\n<figure class=\"wp-block-image size-large\"><img loading=\"lazy\" decoding=\"async\" width=\"954\" height=\"734\" data-id=\"1191\" src=\"https:\/\/caeremonialeromanum.com\/wp-content\/uploads\/2023\/10\/sala_dei_paramenti_color-1.png\" alt=\"\" class=\"wp-image-1191\" srcset=\"https:\/\/caeremonialeromanum.com\/wp-content\/uploads\/2023\/10\/sala_dei_paramenti_color-1.png 954w, https:\/\/caeremonialeromanum.com\/wp-content\/uploads\/2023\/10\/sala_dei_paramenti_color-1-300x231.png 300w, https:\/\/caeremonialeromanum.com\/wp-content\/uploads\/2023\/10\/sala_dei_paramenti_color-1-768x591.png 768w, https:\/\/caeremonialeromanum.com\/wp-content\/uploads\/2023\/10\/sala_dei_paramenti_color-1-16x12.png 16w\" sizes=\"(max-width: 954px) 100vw, 954px\" \/><figcaption class=\"wp-element-caption\"><em>Sala dei Paramenti<\/em> nowadays.<br>Source: Orazio Petrosillo, <em>Vatican City<\/em>, Edizioni Musei Vaticani, Rome 1998, p. 45.<\/figcaption><\/figure>\n<\/figure>\n\n\n\n<p>Upon arriving, the pope, assisted by ceremonialists and other prelates of the pontifical family, removes his liturgical vestments and puts on his mucet and slippers. Then the Dean of the College, surrounded by cardinals, offers congratulations and good wishes to the pope, to which the latter responds with thanks and a request for help in governing the Church under the protection of Our Lady and the Apostles. After this, the pope, who is preceded by a cross, accompanied by a private entourage, that is, the closest members of the apostolic family, goes to his private apartments.<\/p>\n\n\n\n<figure class=\"wp-block-gallery has-nested-images columns-default is-cropped wp-block-gallery-14 is-layout-flex wp-block-gallery-is-layout-flex\">\n<figure class=\"wp-block-image size-large\"><img loading=\"lazy\" decoding=\"async\" width=\"1024\" height=\"751\" data-id=\"1200\" src=\"https:\/\/caeremonialeromanum.com\/wp-content\/uploads\/2023\/10\/piusxii_famiglia_pontificia_apartamenti-1-1024x751.png\" alt=\"\" class=\"wp-image-1200\" srcset=\"https:\/\/caeremonialeromanum.com\/wp-content\/uploads\/2023\/10\/piusxii_famiglia_pontificia_apartamenti-1-1024x751.png 1024w, https:\/\/caeremonialeromanum.com\/wp-content\/uploads\/2023\/10\/piusxii_famiglia_pontificia_apartamenti-1-300x220.png 300w, https:\/\/caeremonialeromanum.com\/wp-content\/uploads\/2023\/10\/piusxii_famiglia_pontificia_apartamenti-1-768x563.png 768w, https:\/\/caeremonialeromanum.com\/wp-content\/uploads\/2023\/10\/piusxii_famiglia_pontificia_apartamenti-1-1536x1126.png 1536w, https:\/\/caeremonialeromanum.com\/wp-content\/uploads\/2023\/10\/piusxii_famiglia_pontificia_apartamenti-1-16x12.png 16w, https:\/\/caeremonialeromanum.com\/wp-content\/uploads\/2023\/10\/piusxii_famiglia_pontificia_apartamenti-1.png 1590w\" sizes=\"(max-width: 1024px) 100vw, 1024px\" \/><figcaption class=\"wp-element-caption\">The Pope in choir dress, preceded by a prelate carrying the papal cross, surrounded by the pontifical family, walks through the corridors of the Apostolic Palace on his way to a private consistory (the short papal <em>falda<\/em> held up by two Masters of Apostolic Ceremonies, used during private consistories, is clearly visible). The photo most likely comes from February 1946, as indicated by ermine; another secret consistory was held in June 1948.<br>Source: CR collection.<\/figcaption><\/figure>\n<\/figure>\n\n\n\n<p class=\"has-medium-font-size\"><strong>CONCLUSION<\/strong><\/p>\n\n\n\n<p>The common mentality has become convinced that the rite of papal coronation practically only includes putting on a tiara after reciting the recognizable <em>Accipe tiaram<\/em> prayer and the customary <em>Urbi et Orbi<\/em> blessing \u2013 but we see that these rites are much more extensive. A closer \u2013 but from the ceremonial point of view still quite superficial \u2013 look at the pope&#8217;s coronation rites allows us to conclude that the traditions and customs related to the rhythm of life of the most important episcopal see in the world are in their essence permeated with pious ceremonial of theological significance, and also have an extremely rich symbolism and express the honor proper to the person and ministry of the Supreme Shepherd.<\/p>\n\n\n\n<figure class=\"wp-block-gallery has-nested-images columns-default is-cropped wp-block-gallery-15 is-layout-flex wp-block-gallery-is-layout-flex\">\n<figure class=\"wp-block-image size-large\"><img loading=\"lazy\" decoding=\"async\" width=\"729\" height=\"1024\" data-id=\"1203\" src=\"https:\/\/caeremonialeromanum.com\/wp-content\/uploads\/2023\/10\/tu_es_petrus_1958-1-729x1024.png\" alt=\"\" class=\"wp-image-1203\" srcset=\"https:\/\/caeremonialeromanum.com\/wp-content\/uploads\/2023\/10\/tu_es_petrus_1958-1-729x1024.png 729w, https:\/\/caeremonialeromanum.com\/wp-content\/uploads\/2023\/10\/tu_es_petrus_1958-1-214x300.png 214w, https:\/\/caeremonialeromanum.com\/wp-content\/uploads\/2023\/10\/tu_es_petrus_1958-1-768x1078.png 768w, https:\/\/caeremonialeromanum.com\/wp-content\/uploads\/2023\/10\/tu_es_petrus_1958-1-1094x1536.png 1094w, https:\/\/caeremonialeromanum.com\/wp-content\/uploads\/2023\/10\/tu_es_petrus_1958-1-1459x2048.png 1459w, https:\/\/caeremonialeromanum.com\/wp-content\/uploads\/2023\/10\/tu_es_petrus_1958-1-9x12.png 9w, https:\/\/caeremonialeromanum.com\/wp-content\/uploads\/2023\/10\/tu_es_petrus_1958-1.png 1654w\" sizes=\"(max-width: 729px) 100vw, 729px\" \/><figcaption class=\"wp-element-caption\"><a href=\"https:\/\/youtu.be\/8UEZ7djBHkI\" target=\"_blank\" rel=\"noreferrer noopener\">The famous bronze statue of St. Peter made by Arnolfo di Cambio around 1300 dressed in papal vestments<\/a> (alb, stole, mantum with formale and tiara) on the occasion of the solemn coronation of Pope John XXIII on November 4, 1958.<br>Source: LIFE Magazine.<\/figcaption><\/figure>\n<\/figure>\n\n\n\n<p class=\"has-medium-font-size\"><strong>RECOMMENDED READINGS<\/strong><\/p>\n\n\n\n<ol class=\"wp-block-list\">\n<li><a rel=\"noreferrer noopener\" href=\"https:\/\/www.vatican.va\/news_services\/liturgy\/2006\/documents\/ns_lit_doc_20061221_ministero-petrino_it.html\" target=\"_blank\">Ufficio delle Celebrazioni Liturgiche del Sommo Pontefice, <em><strong>Inizio del Ministero Petrino del Vescovo di Roma Benedetto XVI<\/strong><\/em>, Citt\u00e0 del Vaticano 2006<\/a>.<\/li>\n\n\n\n<li><a href=\"https:\/\/rbl.ptt.net.pl\/index.php\/RBL\/article\/view\/3616\" target=\"_blank\" rel=\"noreferrer noopener\"><strong><em>Sollemnia Coronatio Summi Pontificis. The \u201cOrdines\u201d of the Coronation Masses of Popes John XXIII and Paul VI<\/em><\/strong>, &#8222;The Biblical and Liturgical Movement, 2019, 72(1), 17-64 [doi.org\/10.21906\/rbl.3616]<\/a>.<\/li>\n<\/ol>\n\n\n\n<p class=\"has-medium-font-size\"><strong>RECOMMENDED VIDEOS<\/strong><\/p>\n\n\n\n<figure class=\"wp-block-embed aligncenter is-type-video is-provider-youtube wp-block-embed-youtube wp-embed-aspect-16-9 wp-has-aspect-ratio\"><div class=\"wp-block-embed__wrapper\">\n<iframe title=\"JAK KORONUJE SI\u0118 PAPIE\u017bA?\" width=\"1140\" height=\"641\" src=\"https:\/\/www.youtube.com\/embed\/h-Hf7_ntBOA?feature=oembed\" frameborder=\"0\" allow=\"accelerometer; autoplay; clipboard-write; encrypted-media; gyroscope; picture-in-picture; web-share\" referrerpolicy=\"strict-origin-when-cross-origin\" allowfullscreen><\/iframe>\n<\/div><\/figure>\n\n\n\n<p class=\"has-medium-font-size\"><strong>FOOTNOTES<\/strong><\/p>\n\n\n\n<p class=\"has-small-font-size\">[<strong>1<\/strong>] The introduction of papal coronation dates back to the 9th century (the pontificate of Pope Nicholas I). This is related to the establishment of the Papal States in the second half of the 8th century and the theological and legal discussions on the spiritual and secular power of the Pope, which intensified at the turn of the millennium (issues of jurisdiction, investiture, primacy, diplomacy and prestige should be taken into account here). In this respect, the imperial coronation of Charlemagne, performed by Pope Leo III on December 25, 800, can be considered a symbolic event.<\/p>\n\n\n\n<p class=\"has-small-font-size\">[<strong>2<\/strong>] You can read about how significant \u2013 over many centuries \u2013 papal feasts were for the Romans in the collective work: L. Fiorani et al., <em>Riti, cerimonie, feste e vita di popolo nella Roma dei Papi<\/em>, Bologna 1970.<\/p>\n\n\n\n<p class=\"has-small-font-size\">[<strong>3<\/strong>] The centuries from the 11th to the 14th century, known as the times of papal theocracy, served to strengthen the position of the papacy and develop an appropriate theological and legal interpretation for it. It was after the return from captivity in Avignon and the development of the <em>Caeremoniale Curiae Romanae<\/em> by the then Papal Masters of Ceremonies (at the turn of the 15th and 16th centuries) that the characteristic formula <em>Accipe tiaram tribus coronis ornatam<\/em> appears. Researcher of papal ceremonies, prof. Marc Dykmans reports that this formula, developed on the basis of the &#8222;new theology&#8221; (<em>th\u00e9ologie nouvelle<\/em>), was first mentioned by Jan Burchard (d. 1506) in his famous diaries, cf. M. Dykmans,<em> L&#8217;oeuvre de Patrizi Piccolomini ou le c\u00e9r\u00e9monial papal de la premi\u00e8re Renaissance<\/em>, vol. 1, &#8222;Studi e testi&#8221; 293, Biblioteca Apostolica Vaticana, Citt\u00e0 del Vaticano 1980, p. 113*.<\/p>\n\n\n\n<p class=\"has-small-font-size\">[<strong>4<\/strong>] Pope Paul VI made a symbolic gesture of donating his tiara, which he received from the faithful of Milan, to the poor. <a rel=\"noreferrer noopener\" href=\"https:\/\/youtu.be\/80372xyWcP4\" target=\"_blank\">On November 13, 1964, he symbolically placed it on a specially prepared altar in St. Peter&#8217;s Basilica<\/a> and then handed it over to Cardinal Francis Spellman. Until now, the Pope has not used the tiara. What is somewhat surprising Paul VI in 1975 published the <a href=\"https:\/\/www.vatican.va\/content\/paul-vi\/la\/apost_constitutions\/documents\/hf_p-vi_apc_19751001_romano-pontifici-eligendo.html\" target=\"_blank\" rel=\"noreferrer noopener\">Apostolic Constitution <em>Romano Pontifici Eligendo<\/em><\/a>, which explicitly provides for the coronation of the Pope (paragraph 92: &#8222;Pontifex demum per Cardinalem Protodiaconum <strong>coronatur<\/strong> et, intra congruum tempus, Patriarchalis Archibasilicae Lateranensis possessionem ritu praescripto capit&#8221;) . However, John Paul I and John Paul II did not decide to be crowned. Instead of this ceremony, solemn inaugurations of pontificates took place, the most important element of which from then on was the presentation of the Fisherman&#8217;s Ring and the papal pallium. However, the first regulation relating directly to the inauguration of the pontificate was the <a href=\"https:\/\/www.vatican.va\/content\/john-paul-ii\/la\/apost_constitutions\/documents\/hf_jp-ii_apc_22021996_universi-dominici-gregis.html\" target=\"_blank\" rel=\"noreferrer noopener\">Apostolic Constitution <em>Universi Dominici Gregis<\/em><\/a> of 1996 (paragraph 92: &#8222;Pontifex, <strong>sollemnibus caeremoniis inaugurationis Pontificatus<\/strong> persolutis, intra congruum tempus Patriarchalis Archibasilicae Lateranensis possessionem ritu praescripto capiet&#8221;). On the occasion of the beginning of the pontificate of Pope Benedict XVI, a special book was prepared entitled <em><a href=\"https:\/\/www.vatican.va\/news_services\/liturgy\/2006\/documents\/ns_lit_doc_20061221_ministero-petrino_en.html\" target=\"_blank\" rel=\"noreferrer noopener\">Ordo pro Ministerii Petrini initio Romani Episcopi<\/a><\/em> (Rome 2005, with subsequent modifications). It is also significant that <a href=\"https:\/\/www.vatican.va\/content\/benedict-xvi\/it\/elezione\/documents\/stemma-benedict-xvi.html\" target=\"_blank\" rel=\"noreferrer noopener\">Benedict XVI was the first pope to decide not to include the tiara in his coat of arms<\/a>, which was explained by the desire to emphasize the importance of the spiritual power of the Bishop of Rome and the desire to resign from linking the papacy with secular power.<\/p>\n\n\n\n<p class=\"has-small-font-size\">[<strong>5<\/strong>] As a whole, the solemnity of the papal coronation includes the coronation rites themselves and the Coronation Mass that precedes them, which is celebrated in a solemn manner by the pope. Compared to the &#8222;ordinary&#8221; solemn papal Mass, there are additional rites and ceremonies on the day of the coronation: the obediences of the basilica chapter and the cardinals, the rite of <em>Sic transit gloria mundi<\/em>, the <em>Super Pontificem<\/em> prayers, the imposition of the pallium by the first cardinal deacon, and the singing of <em>Laudes Regiae<\/em>. The Mass text are also proper to this liturgy. Here we describe only the coronation&#8217;s own rites. It should also be noted that the papal coronation rites fluctuated, depending on the current situation, e.g. the Coronation Mass did not always take place in St. Peter&#8217;s Basilica and the coronation in the central loggia.<\/p>\n\n\n\n<p class=\"has-small-font-size\">[<strong>6<\/strong>] Apart from the so-called <em>libretti della celebrazione<\/em> (the name used today), which was received by coronation participants belonging to the diplomatic corps (at least since the second half of the 20th century), there are also internal ceremonials of the former Prefecture of Papal Ceremonies, which functioned under the title <em>Ordo ad coronandum Summum Pontificem Romanum<\/em>; as well as the journals of the Papal Masters of Ceremonies, in which these rites are described. See e.g. for the coronation of John XXIII: S.M. Maggiani, <em>Dall&#8217;Ordo ad coronandum Summum Pontificem Romanum all&#8217;Ordo Rituum pro Ministerii Petrini initio Rom\u00e6 Episcopi<\/em>, [in:] Ufficio delle Celebrazioni Liturgiche del Sommo Pontefice, <em>Inizio del Ministero Petrino del Vescovo di Roma Benedetto XVI<\/em>, Citt\u00e0 del Vaticano 2006, <a href=\"https:\/\/caeremonialeromanum.blogspot.com\/2010\/07\/s-m-maggiani-coronationis-sollemnia-del.html\" target=\"_blank\" rel=\"noreferrer noopener\">p. 151-155<\/a>.<\/p>\n\n\n\n<p class=\"has-small-font-size\">[<strong>7<\/strong>] The coronation of Pius XII was not televised. Currently, only a few photographs and excerpts from radio broadcasts are available in various archives. In the case of the coronations of John XXIII and Paul VI, there is much more material commonly available. However, when it comes to television broadcasts, only fragments of recordings or reports are publicly available in the archives, although complete video recordings exist and can be consulted locally in a handful of archives, including those in Italy and France. Perhaps in the course of time the institutions holding these recordings will decide to make them public.<\/p>\n\n\n\n<p class=\"has-small-font-size\">[<strong>8<\/strong>] In the case of Paul VI&#8217;s coronation, other simplifications or omissions were also made; these included the number of obediences given to the new Bishop of Rome. Cf. .M. Maggiani, Dall&#8217;Ordo, <em>op. cit.<\/em>, <a href=\"https:\/\/caeremonialeromanum.blogspot.com\/2010\/07\/s-m-maggiani-coronationis-sollemnia-del_31.html\" target=\"_blank\" rel=\"noreferrer noopener\">p. 156-157<\/a>. It is worth noting that claims that the coronation took place in St. Peter&#8217;s Square in connection with planned liturgical reforms and postulates from the Constitution on the Liturgy, which the Fathers of the Second Vatican Council were working on at the time, are not entirely true. The main reason was related to the Council, however, the form of the ceremony was decided primarily for practical reasons, since the interior of St. Peter&#8217;s Basilica was cluttered with platforms for the Council Fathers, and it was simply too costly and labor-intensive to dismantle and reassemble them. St. Peter&#8217;s Square could accommodate more faithful than the basilica. Photos from the Council, but also <a href=\"https:\/\/caeremonialeromanum.com\/wp-content\/uploads\/2023\/10\/sede_vacante_1963_john_xxiii.jpeg\" target=\"_blank\" rel=\"noreferrer noopener\">from the <em>sede vacante<\/em> period after the death of John XXIII, especially from the days when his body was on display in St. Peter&#8217;s Basilica<\/a>, illustrate exactly how much space the makeshift platforms took up.<\/p>","protected":false},"excerpt":{"rendered":"<p>Die 14 octobris Anno Domini 2023 Sancti Callisti Pap\u00e6 et Martyris The papal coronation is one of the most expressive acts of each new pontificate. This tradition continued uninterrupted for over one millennium [1]. It was always a momentous event not only for the City and the world, but above all for the Church [2]. [&hellip;]<\/p>","protected":false},"author":2,"featured_media":1097,"comment_status":"closed","ping_status":"closed","sticky":false,"template":"","format":"standard","meta":{"footnotes":""},"categories":[56],"tags":[225,223,221,227,219,147,149,157,217,159,161,163,153,215,165,167,213,151,169,171,155,173,175],"class_list":{"0":"post-1100","1":"post","2":"type-post","3":"status-publish","4":"format-standard","5":"has-post-thumbnail","7":"category-blog-en","8":"tag-coroacao-do-papa","9":"tag-coroacao-papal","10":"tag-coronacion-del-papa","11":"tag-coronacion-papal-en","12":"tag-coronacion-pontificia","13":"tag-coronation","14":"tag-coronation-of-pope","15":"tag-couronnement-du-pape-en","16":"tag-couronnement-papal","17":"tag-giovanni-xxiii-en","18":"tag-incoronazione-del-sommo-pontefice-en","19":"tag-incoronazione-papale-en","20":"tag-john-xxiii","21":"tag-kronung-des-papstes","22":"tag-paolo-vi-en","23":"tag-papal-coronation-en","24":"tag-papstkronung","25":"tag-paul-vi","26":"tag-pio-xii-en","27":"tag-pius-xii-en","28":"tag-plenary-indulgence","29":"tag-tiara-en","30":"tag-urbi-et-orbi-en","31":"czr-hentry"},"_links":{"self":[{"href":"https:\/\/caeremonialeromanum.com\/en\/wp-json\/wp\/v2\/posts\/1100","targetHints":{"allow":["GET"]}}],"collection":[{"href":"https:\/\/caeremonialeromanum.com\/en\/wp-json\/wp\/v2\/posts"}],"about":[{"href":"https:\/\/caeremonialeromanum.com\/en\/wp-json\/wp\/v2\/types\/post"}],"author":[{"embeddable":true,"href":"https:\/\/caeremonialeromanum.com\/en\/wp-json\/wp\/v2\/users\/2"}],"replies":[{"embeddable":true,"href":"https:\/\/caeremonialeromanum.com\/en\/wp-json\/wp\/v2\/comments?post=1100"}],"version-history":[{"count":0,"href":"https:\/\/caeremonialeromanum.com\/en\/wp-json\/wp\/v2\/posts\/1100\/revisions"}],"wp:featuredmedia":[{"embeddable":true,"href":"https:\/\/caeremonialeromanum.com\/en\/wp-json\/wp\/v2\/media\/1097"}],"wp:attachment":[{"href":"https:\/\/caeremonialeromanum.com\/en\/wp-json\/wp\/v2\/media?parent=1100"}],"wp:term":[{"taxonomy":"category","embeddable":true,"href":"https:\/\/caeremonialeromanum.com\/en\/wp-json\/wp\/v2\/categories?post=1100"},{"taxonomy":"post_tag","embeddable":true,"href":"https:\/\/caeremonialeromanum.com\/en\/wp-json\/wp\/v2\/tags?post=1100"}],"curies":[{"name":"wp","href":"https:\/\/api.w.org\/{rel}","templated":true}]}}